[
{
"id": 121026,
"dsTags": [
"ESP",
"PACOTE ES",
"SLIDER ES"
],
"dtEntrada": null,
"dtSaida": null,
"nmTopVenda": "Viva o Melhor da Bahia em Salvador",
"dsUrlImg": "https:\/\/media.infotravel.com.br\/image\/upload\/c_scale,h_200\/43479B182998730CACCDAD74B4213A83.png",
"dsUrlImgDetalhe": "https:\/\/media.infotravel.com.br\/image\/upload\/c_scale,h_200\/EA509BB312887359E54A7F2035BE5C6A.png",
"stManual": true,
"bannerType": "CONVENCIONAL",
"nrParcela": 1,
"dsDestaque": "Bloqueio A\u00e9reo",
"dsBanner": "<img src=\"https:\/\/d335luupugsy2.cloudfront.net\/cms%2Ffiles%2F97825%2F1783008553940-2026_Viva_o_Melhor_da_Bahia_em_Salvador_GIG.png\">",
"vlTotal": 434,
"vlTotalTaxa": 0,
"vlPagamento": 434,
"sgMoeda": "USD",
"idPacote": null,
"tpOrigem": null,
"sgOrigem": null,
"nmOrigem": "Rio de Janeiro, Regi\u00e3o Sudeste, Brasil",
"idOrigem": 2732,
"tpDestino": null,
"sgDestino": null,
"nmDestino": "Salvador, Regi\u00e3o Nordeste, Brasil",
"idDestino": 2975,
"idHotel": null,
"idEmpresa": 1,
"dsReservaTipo": "PACOTE A\u00c9REO\n",
"dtInclusao": "2026-09-03T10:05:01Z",
"dtValidade": "2026-09-16T23:59:00Z",
"idUnidade": 1093,
"idPontoVenda": null,
"chave": null,
"WSTopVenda": "{\"topVendaId\":121026,\"dsUrlBanner\":\"https:\/\/media.infotravel.com.br\/image\/upload\/c_scale,h_200\/43479B182998730CACCDAD74B4213A83.png\",\"dsUrlBannerDetalhe\":\"https:\/\/media.infotravel.com.br\/image\/upload\/c_scale,h_200\/EA509BB312887359E54A7F2035BE5C6A.png\",\"imagenBannerList\":[],\"sgMoeda\":\"USD\",\"vlTotal\":434.0,\"reservaPacote\":{\"keyPacoteParametro\":\"}{}{}{}{}{}{}{}{#|#F41FC8857F1BFF94DEFB4043BF159C6E\",\"origem\":{\"id\":2732,\"nm\":\"Rio de Janeiro, Regi\u00e3o Sudeste, Brasil\",\"am\":\"\",\"po\":false},\"destino\":{\"id\":2975,\"nm\":\"Salvador, Regi\u00e3o Nordeste, Brasil\",\"am\":\"\",\"po\":false},\"vlComissaoAjuste\":0.0,\"stSelecionado\":false,\"stInfoxInfo\":false,\"stFornecedorDocObrigatorio\":false},\"dsBanner\":\"\\u003cimg src\\u003d\\\"https:\/\/d335luupugsy2.cloudfront.net\/cms%2Ffiles%2F97825%2F1783008553940-2026_Viva_o_Melhor_da_Bahia_em_Salvador_GIG.png\\\"\\u003e\",\"dsDestaque\":\"Bloqueio A\u00e9reo\",\"nmBanner\":\"Viva o Melhor da Bahia em Salvador\",\"dsReservaTipo\":\"PACOTE A\u00c9REO\\n\",\"sgReservaTipo\":\"PACAER\",\"dsTag\":\"ESP,PACOTE ES,SLIDER ES\",\"stManual\":true,\"dsLogo\":\"https:\/\/media.infotravel.com.br\/image\/upload\/c_scale,h_200\/BB77D03B45CFC46A5B5BFE5B7E32CF00.png\",\"qtParcela\":1}"
}
]