[
{
"id": 123467,
"dsTags": [
"ESP",
"PACOTE ES",
"SLIDER ES"
],
"dtEntrada": null,
"dtSaida": null,
"nmTopVenda": "S\u00e3o Lu\u00eds y Barreirinhas - Len\u00e7\u00f3is Maranhenses",
"dsUrlImg": "https:\/\/media.infotravel.com.br\/image\/upload\/c_scale,h_200\/3BBDF631A5CBA4B5F6593803E2F77FBE.png",
"dsUrlImgDetalhe": "https:\/\/media.infotravel.com.br\/image\/upload\/c_scale,h_200\/9F8B5AE02FA372FB33B7B09337BC138A.png",
"stManual": true,
"bannerType": "CONVENCIONAL",
"nrParcela": 1,
"dsDestaque": "Incoming",
"dsBanner": "<img src=\"https:\/\/d335luupugsy2.cloudfront.net\/cms%2Ffiles%2F97825%2F17847360181018-2026_So_Lus_e_Barreirinhas_Lenis_MVD_ES.png\">",
"vlTotal": 909,
"vlTotalTaxa": 0,
"vlPagamento": 909,
"sgMoeda": "USD",
"idPacote": null,
"tpOrigem": null,
"sgOrigem": null,
"nmOrigem": "Montevid\u00e9u, Uruguai",
"idOrigem": 2238,
"tpDestino": null,
"sgDestino": null,
"nmDestino": "Len\u00e7\u00f3is Maranhenses, Regi\u00e3o Nordeste, Brasil",
"idDestino": 11295289,
"idHotel": null,
"idEmpresa": 1,
"dsReservaTipo": "PACOTE A\u00c9REO\n",
"dtInclusao": "2026-09-01T16:21:28Z",
"dtValidade": "2026-09-30T23:59:00Z",
"idUnidade": 1093,
"idPontoVenda": null,
"chave": null,
"WSTopVenda": "{\"topVendaId\":123467,\"dsUrlBanner\":\"https:\/\/media.infotravel.com.br\/image\/upload\/c_scale,h_200\/3BBDF631A5CBA4B5F6593803E2F77FBE.png\",\"dsUrlBannerDetalhe\":\"https:\/\/media.infotravel.com.br\/image\/upload\/c_scale,h_200\/9F8B5AE02FA372FB33B7B09337BC138A.png\",\"imagenBannerList\":[],\"sgMoeda\":\"USD\",\"vlTotal\":909.0,\"reservaPacote\":{\"keyPacoteParametro\":\"}{}{}{}{}{}{}{}{#|#F41FC8857F1BFF94DEFB4043BF159C6E\",\"origem\":{\"id\":2238,\"nm\":\"Montevid\u00e9u, Uruguai\",\"am\":\"\",\"po\":false},\"destino\":{\"id\":11295289,\"nm\":\"Len\u00e7\u00f3is Maranhenses, Regi\u00e3o Nordeste, Brasil\",\"am\":\"\",\"po\":false},\"vlComissaoAjuste\":0.0,\"stSelecionado\":false,\"stInfoxInfo\":false,\"stFornecedorDocObrigatorio\":false},\"dsBanner\":\"\\u003cimg src\\u003d\\\"https:\/\/d335luupugsy2.cloudfront.net\/cms%2Ffiles%2F97825%2F17847360181018-2026_So_Lus_e_Barreirinhas_Lenis_MVD_ES.png\\\"\\u003e\",\"dsDestaque\":\"Incoming\",\"nmBanner\":\"S\u00e3o Lu\u00eds y Barreirinhas - Len\u00e7\u00f3is Maranhenses\",\"dsReservaTipo\":\"PACOTE A\u00c9REO\\n\",\"sgReservaTipo\":\"PACAER\",\"dsTag\":\"ESP,PACOTE ES,SLIDER ES\",\"stManual\":true,\"dsLogo\":\"https:\/\/media.infotravel.com.br\/image\/upload\/c_scale,h_200\/BB77D03B45CFC46A5B5BFE5B7E32CF00.png\",\"qtParcela\":1}"
}
]