[
{
"id": 127768,
"dsTags": [
"PACOTE",
"INTERNACIONAL",
"FERIADOS"
],
"dtEntrada": null,
"dtSaida": null,
"nmTopVenda": "Reveillon \u00c1frica do Sul sa\u00edda de S\u00e3o Paulo \u2708\ufe0f",
"dsUrlImg": "https:\/\/media.infotravel.com.br\/image\/upload\/c_scale,h_200\/D18C370AC04FE24F02AE0CC71E2BF6F9.png",
"dsUrlImgDetalhe": "https:\/\/media.infotravel.com.br\/image\/upload\/c_scale,h_200\/A98A9D995C09F4273ED19555B57D8E8A.png",
"stManual": true,
"bannerType": "CONVENCIONAL",
"nrParcela": 12,
"dsDestaque": "Bloqueio a\u00e9reo",
"dsBanner": "<img src=\"https:\/\/d335luupugsy2.cloudfront.net\/cms%2Ffiles%2F97825%2F17884349901198-2026_Rveillon_na_frica_do_Sul_SAO_4.png\">",
"vlTotal": 26616,
"vlTotalTaxa": 0,
"vlPagamento": 26616,
"sgMoeda": "R$",
"idPacote": null,
"tpOrigem": null,
"sgOrigem": null,
"nmOrigem": "S\u00e3o Paulo, Regi\u00e3o Sudeste, Brasil",
"idOrigem": 2802,
"tpDestino": null,
"sgDestino": null,
"nmDestino": "Johannesburgo, Gauteng, \u00c1frica do Sul",
"idDestino": 14288,
"idHotel": null,
"idEmpresa": 1,
"dsReservaTipo": "PACOTE A\u00c9REO",
"dtInclusao": "2026-09-03T10:19:24Z",
"dtValidade": "2026-09-21T23:59:00Z",
"idUnidade": 1093,
"idPontoVenda": null,
"chave": null,
"WSTopVenda": "{\"topVendaId\":127768,\"dsUrlBanner\":\"https:\/\/media.infotravel.com.br\/image\/upload\/c_scale,h_200\/D18C370AC04FE24F02AE0CC71E2BF6F9.png\",\"dsUrlBannerDetalhe\":\"https:\/\/media.infotravel.com.br\/image\/upload\/c_scale,h_200\/A98A9D995C09F4273ED19555B57D8E8A.png\",\"imagenBannerList\":[],\"sgMoeda\":\"R$\",\"vlTotal\":26616.0,\"reservaPacote\":{\"keyPacoteParametro\":\"}{}{}{}{}{}{}{}{#|#F41FC8857F1BFF94DEFB4043BF159C6E\",\"origem\":{\"id\":2802,\"nm\":\"S\u00e3o Paulo, Regi\u00e3o Sudeste, Brasil\",\"am\":\"\",\"po\":false},\"destino\":{\"id\":14288,\"nm\":\"Johannesburgo, Gauteng, \u00c1frica do Sul\",\"am\":\"\",\"po\":false},\"vlComissaoAjuste\":0.0,\"stSelecionado\":false,\"stInfoxInfo\":false,\"stFornecedorDocObrigatorio\":false},\"dsBanner\":\"\\u003cimg src\\u003d\\\"https:\/\/d335luupugsy2.cloudfront.net\/cms%2Ffiles%2F97825%2F17884349901198-2026_Rveillon_na_frica_do_Sul_SAO_4.png\\\"\\u003e\",\"dsDestaque\":\"Bloqueio a\u00e9reo\",\"nmBanner\":\"Reveillon \u00c1frica do Sul sa\u00edda de S\u00e3o Paulo \u2708\ufe0f\",\"dsReservaTipo\":\"PACOTE A\u00c9REO\",\"sgReservaTipo\":\"PACAER\",\"dsTag\":\"PACOTE,INTERNACIONAL,FERIADOS\",\"stManual\":true,\"dsLogo\":\"https:\/\/media.infotravel.com.br\/image\/upload\/c_scale,h_200\/BB77D03B45CFC46A5B5BFE5B7E32CF00.png\",\"qtParcela\":12,\"usuario\":{\"id\":1129,\"nome\":\"Michelle Menta\",\"email\":\"produtos@incomum.com\",\"telefone\":{\"nrDDD\":\"48\",\"nrTelefone\":\"996328407\",\"telefoneTipo\":\"RESIDENCIAL\"}}}"
}
]