[
{
"id": 127779,
"dsTags": [
"PACOTE",
"INTERNACIONAL",
"FERIADOS"
],
"dtEntrada": null,
"dtSaida": null,
"nmTopVenda": "Grand Palladium Punta Cana Resort & Spa \u2708\ufe0f",
"dsUrlImg": "https:\/\/media.infotravel.com.br\/image\/upload\/c_scale,h_200\/D1735CD9D3C30924A0700F9B97818671.png",
"dsUrlImgDetalhe": "https:\/\/media.infotravel.com.br\/image\/upload\/c_scale,h_200\/339ACABE639828B0EB95D6C2F7CE208D.png",
"stManual": true,
"bannerType": "CONVENCIONAL",
"nrParcela": 12,
"dsDestaque": "Bloqueio a\u00e9reo",
"dsBanner": "<hr id=\"null\"><img src=\"https:\/\/d335luupugsy2.cloudfront.net\/cms%2Ffiles%2F97825%2F17884409211247-2026_Grand_Palladium_Punta_Cana_Resort_e_Spa_CWB.png\">",
"vlTotal": 7368,
"vlTotalTaxa": 0,
"vlPagamento": 7368,
"sgMoeda": "R$",
"idPacote": null,
"tpOrigem": null,
"sgOrigem": null,
"nmOrigem": "S\u00e3o Paulo, Regi\u00e3o Sudeste, Brasil",
"idOrigem": 2802,
"tpDestino": null,
"sgDestino": null,
"nmDestino": "Punta Cana, La Altagracia, Rep\u00fablica Dominicana",
"idDestino": 2644,
"idHotel": null,
"idEmpresa": 1,
"dsReservaTipo": "PACOTE A\u00c9REO\n",
"dtInclusao": "2026-09-03T11:38:51Z",
"dtValidade": "2026-09-09T23:59:00Z",
"idUnidade": 1093,
"idPontoVenda": null,
"chave": null,
"WSTopVenda": "{\"topVendaId\":127779,\"dsUrlBanner\":\"https:\/\/media.infotravel.com.br\/image\/upload\/c_scale,h_200\/D1735CD9D3C30924A0700F9B97818671.png\",\"dsUrlBannerDetalhe\":\"https:\/\/media.infotravel.com.br\/image\/upload\/c_scale,h_200\/339ACABE639828B0EB95D6C2F7CE208D.png\",\"imagenBannerList\":[],\"sgMoeda\":\"R$\",\"vlTotal\":7368.0,\"reservaPacote\":{\"keyPacoteParametro\":\"}{}{}{}{}{}{}{}{#|#F41FC8857F1BFF94DEFB4043BF159C6E\",\"origem\":{\"id\":2802,\"nm\":\"S\u00e3o Paulo, Regi\u00e3o Sudeste, Brasil\",\"am\":\"\",\"po\":false},\"destino\":{\"id\":2644,\"nm\":\"Punta Cana, La Altagracia, Rep\u00fablica Dominicana\",\"am\":\"\",\"po\":false},\"vlComissaoAjuste\":0.0,\"stSelecionado\":false,\"stInfoxInfo\":false,\"stFornecedorDocObrigatorio\":false},\"dsBanner\":\"\\u003chr id\\u003d\\\"null\\\"\\u003e\\u003cimg src\\u003d\\\"https:\/\/d335luupugsy2.cloudfront.net\/cms%2Ffiles%2F97825%2F17884409211247-2026_Grand_Palladium_Punta_Cana_Resort_e_Spa_CWB.png\\\"\\u003e\",\"dsDestaque\":\"Bloqueio a\u00e9reo\",\"nmBanner\":\"Grand Palladium Punta Cana Resort \\u0026 Spa \u2708\ufe0f\",\"dsReservaTipo\":\"PACOTE A\u00c9REO\\n\",\"sgReservaTipo\":\"PACAER\",\"dsTag\":\"PACOTE,INTERNACIONAL,FERIADOS\",\"stManual\":true,\"dsLogo\":\"https:\/\/media.infotravel.com.br\/image\/upload\/c_scale,h_200\/BB77D03B45CFC46A5B5BFE5B7E32CF00.png\",\"qtParcela\":12}"
}
]